{"id":994,"date":"2024-12-17T14:32:57","date_gmt":"2024-12-17T14:32:57","guid":{"rendered":"https:\/\/naujienosversle.lt\/index.php\/2024\/12\/17\/ka-tai-reiskia-atnaujintai-es-pletrai\/"},"modified":"2024-12-17T14:32:57","modified_gmt":"2024-12-17T14:32:57","slug":"ka-tai-reiskia-atnaujintai-es-pletrai","status":"publish","type":"post","link":"https:\/\/naujienosversle.lt\/index.php\/2024\/12\/17\/ka-tai-reiskia-atnaujintai-es-pletrai\/","title":{"rendered":"K\u0105 tai rei\u0161kia atnaujintai ES pl\u0117trai?"},"content":{"rendered":"<p> <br \/>\n<\/p>\n<div>\n<p>A<em>t organizuojami Europos draugai <\/em>ES ir Vakar\u0173 Balkan\u0173 auk\u0161\u010diausiojo lygio susitikimas, <em>U\u017e pl\u0117tr\u0105 atsakinga ES komisar\u0117 Marta Kos patvirtino, kad naujoji Europos Komisija bus pl\u0117tros komisija, pabr\u0117\u017edama perspektyv\u0173 \u0161e\u0161i\u0173 Vakar\u0173 Balkan\u0173 \u0161ali\u0173 (WB6) integracijos keli\u0105, kai ES siekia atsinaujinti.<\/em> <em>W<\/em><em>ar Ukrainoje i\u0161or\u0117s geopolitini\u0173 veik\u0117j\u0173 \u012ftaka ir poslinkis prie neliberalios demokratijos form\u0173 Vakar\u0173 Balkanuose reikalauja ai\u0161ki\u0173 ES veiksm\u0173 siekiant tolesn\u0117s pl\u0117tros. Ar pradedame nauj\u0105 ES pl\u0117tros Vakar\u0173 Balkanams am\u017ei\u0173, kai prasideda derybos su Albanija ir daroma pa\u017eanga su Juodkalnija, nes \u0161alis siekia tapti ES nare iki 2028 m.? K\u0105 visa tai rei\u0161kia tre\u010di\u0173j\u0173 \u0161ali\u0173 \u012ftakos fone? <\/em><\/p>\n<div id=\"ez-toc-container\" class=\"ez-toc-v2_0_82_2 counter-hierarchy ez-toc-counter ez-toc-grey ez-toc-container-direction\">\n<div class=\"ez-toc-title-container\">\n<p class=\"ez-toc-title\" style=\"cursor:inherit\">Turinys;<\/p>\n<span class=\"ez-toc-title-toggle\"><a href=\"#\" class=\"ez-toc-pull-right ez-toc-btn ez-toc-btn-xs ez-toc-btn-default ez-toc-toggle\" aria-label=\"Toggle Table of Content\"><span class=\"ez-toc-js-icon-con\"><span class=\"\"><span class=\"eztoc-hide\" style=\"display:none;\">Toggle<\/span><span class=\"ez-toc-icon-toggle-span\"><svg style=\"fill: #999;color:#999\" xmlns=\"http:\/\/www.w3.org\/2000\/svg\" class=\"list-377408\" width=\"20px\" height=\"20px\" viewBox=\"0 0 24 24\" fill=\"none\"><path d=\"M6 6H4v2h2V6zm14 0H8v2h12V6zM4 11h2v2H4v-2zm16 0H8v2h12v-2zM4 16h2v2H4v-2zm16 0H8v2h12v-2z\" fill=\"currentColor\"><\/path><\/svg><svg style=\"fill: #999;color:#999\" class=\"arrow-unsorted-368013\" xmlns=\"http:\/\/www.w3.org\/2000\/svg\" width=\"10px\" height=\"10px\" viewBox=\"0 0 24 24\" version=\"1.2\" baseProfile=\"tiny\"><path d=\"M18.2 9.3l-6.2-6.3-6.2 6.3c-.2.2-.3.4-.3.7s.1.5.3.7c.2.2.4.3.7.3h11c.3 0 .5-.1.7-.3.2-.2.3-.5.3-.7s-.1-.5-.3-.7zM5.8 14.7l6.2 6.3 6.2-6.3c.2-.2.3-.5.3-.7s-.1-.5-.3-.7c-.2-.2-.4-.3-.7-.3h-11c-.3 0-.5.1-.7.3-.2.2-.3.5-.3.7s.1.5.3.7z\"\/><\/svg><\/span><\/span><\/span><\/a><\/span><\/div>\n<nav><ul class='ez-toc-list ez-toc-list-level-1 ' ><li class='ez-toc-page-1 ez-toc-heading-level-2'><a class=\"ez-toc-link ez-toc-heading-1\" href=\"https:\/\/naujienosversle.lt\/index.php\/2024\/12\/17\/ka-tai-reiskia-atnaujintai-es-pletrai\/#Dabartiniai_ES_ir_WB6_issukiai\" >Dabartiniai ES ir WB6 i\u0161\u0161\u016bkiai:<\/a><\/li><li class='ez-toc-page-1 ez-toc-heading-level-2'><a class=\"ez-toc-link ez-toc-heading-2\" href=\"https:\/\/naujienosversle.lt\/index.php\/2024\/12\/17\/ka-tai-reiskia-atnaujintai-es-pletrai\/#Ar_WB6_yra_geopolitineje_kryzkeleje_tarp_ES_ir_neliberalizmo\" >Ar WB6 yra geopolitin\u0117je kry\u017ekel\u0117je tarp ES ir neliberalizmo?<\/a><\/li><li class='ez-toc-page-1 ez-toc-heading-level-2'><a class=\"ez-toc-link ez-toc-heading-3\" href=\"https:\/\/naujienosversle.lt\/index.php\/2024\/12\/17\/ka-tai-reiskia-atnaujintai-es-pletrai\/#JAV_rinkimai_ko_tiketis_is_Vasingtono\" >JAV rinkimai: ko tik\u0117tis i\u0161 Va\u0161ingtono?<\/a><\/li><li class='ez-toc-page-1 ez-toc-heading-level-2'><a class=\"ez-toc-link ez-toc-heading-4\" href=\"https:\/\/naujienosversle.lt\/index.php\/2024\/12\/17\/ka-tai-reiskia-atnaujintai-es-pletrai\/#Rekomendacijos_ka_reikia_padaryti\" >Rekomendacijos: k\u0105 reikia padaryti?<\/a><\/li><\/ul><\/nav><\/div>\n<h2><span class=\"ez-toc-section\" id=\"Dabartiniai_ES_ir_WB6_issukiai\"><\/span><strong>Dabartiniai ES ir WB6 i\u0161\u0161\u016bkiai:<\/strong><span class=\"ez-toc-section-end\"><\/span><\/h2>\n<p>Pastaraisiais metais ir de\u0161imtme\u010diais \u012fvairios partijos met\u0117 i\u0161\u0161\u016bk\u012f ir suabejojo \u200b\u200bEuropos S\u0105jungos dominuojan\u010diu vaidmeniu Vakar\u0173 Balkanuose.<\/p>\n<p>ES vaidino svarb\u0173 vaidmen\u012f \u0161iame regione \u2013 2013 m. prie bloko prisijung\u0117 Kroatija, o stojimo derybose dalyvauja Albanija, Bosnija ir Hercegovina, Kosovas, Juodkalnija, \u0160iaur\u0117s Makedonija ir Serbija.<\/p>\n<p>\u201eBertelsmann Stiftung\u201c studija \u201eKeeping Friends Closer\u201c si\u016blo platesn\u0119 perspektyv\u0105 Rusijos invazijos \u012f Ukrain\u0105 kontekste, kartu su kitais i\u0161\u0161\u016bkiais, tokiais kaip klimato kaita ir JAV atsiejimas nuo Kinijos, ir kelia svarbi\u0173 klausim\u0173 apie ES ir jos kaimyn\u0173 tarpusavio ry\u0161\u012f. , palyginti su ry\u0161iais su bloko bendraam\u017eiais ir var\u017eovais.<\/p>\n<p>Daugyb\u0117 ES krizi\u0173, pasyvi pl\u0117tros strategija ir besikei\u010diantis geopolitinis kra\u0161tovaizdis, atsirad\u0119s d\u0117l padid\u0117jusio Kinijos, Rusijos ir Turkijos regioninio aktyvumo, gali pad\u0117ti tai paai\u0161kinti. Jei ES pl\u0117tros procesas strigs, tai gali apriboti NATO galimybes ki\u0161tis \u012f Vakar\u0173 Balkanus, o tai leis augti neliberalioms demokratijoms ir antivakarieti\u0161kai i\u0161or\u0117s politikai. Tai kelia dvejop\u0105 klausim\u0105, kod\u0117l kilo neliberalizmas ir kod\u0117l tai yra ES stabilumo ir saugumo bei platesn\u0117s regionin\u0117s ir pasaulin\u0117s \u012ftakos problema.<\/p>\n<p>Rusijos agresija prie\u0161 Ukrain\u0105 ir Artim\u0173j\u0173 Ryt\u0173 kriz\u0117 suvaidino savo vaidmen\u012f destabilizuodama sud\u0117ting\u0105 geostrategin\u0119 architekt\u016br\u0105 taip, kad kelia pavoj\u0173 Europos ir tarptautiniam saugumui. ES pl\u0117tros pastangos buvo atgaivintos reaguojant \u012f Rusijos agresij\u0105, tod\u0117l blokas gal\u0117jo veiksmingai remti Ukrain\u0105.<\/p>\n<p>Tai savo ruo\u017etu suteik\u0117 nauj\u0105 gyvenim\u0105 Vakar\u0173 Balkan\u0173 stojimo procesui. \u0160iuo metu itin svarbu dar kart\u0105 patvirtinti Vakar\u0173 Balkan\u0173 \u0161ali\u0173 naryst\u0117s ES perspektyv\u0105 ir ilgalaiki\u0173, negr\u012f\u017etam\u0173 reform\u0173, paremt\u0173 ES principais, ekonominiu stabilumu ir teisin\u0117s valstyb\u0117s principu, b\u016btinyb\u0119.<\/p>\n<h2><span class=\"ez-toc-section\" id=\"Ar_WB6_yra_geopolitineje_kryzkeleje_tarp_ES_ir_neliberalizmo\"><\/span><strong>Ar WB6 yra geopolitin\u0117je kry\u017ekel\u0117je tarp ES ir neliberalizmo?<\/strong><span class=\"ez-toc-section-end\"><\/span><\/h2>\n<p>I\u0161or\u0117s veik\u0117j\u0173 \u012ftak\u0105 regione pirmiausia galima paai\u0161kinti \u0161iuo geopolitiniu poslinkiu ir Vakar\u0173 silpnumu. Pavyzd\u017eiui, JAV tampa \u012ftakingos pasaulinio populistinio ir autoritarinio valdymo \u012ftvirtinimo liudininkais.<\/p>\n<p>Vakar\u0173 Balkanuose padid\u0117j\u0119s Kinijos, Rusijos ir Turkijos \u012fsitraukimas ir \u012ftaka koreliuoja su autoritarini\u0173 ir neliberali\u0173 valdymo form\u0173 plitimu. Ta\u010diau neliberalios demokratijos yra ne tik u\u017e ES rib\u0173. Tai vis da\u017eniau kelia susir\u016bpinim\u0105 ES viduje, pavyzd\u017eiui, Viktoro Orbano vyriausyb\u0117 Vengrijoje.<\/p>\n<p>Rusijos pozicionavimas prie\u0161 ES ir NATO regione skatina autoritarin\u0119 valdymo praktik\u0105. Tuo tarpu vietos politikai, kurie save laiko ES pragmatikais, bet mieliau laikosi autoritarin\u0117s Putino linijos, o kai kuriose musulmon\u0173 bendruomen\u0117se Erdogano linijos, yra du pavyzd\u017eiai, kaip ES meta i\u0161\u0161\u016bk\u012f.<\/p>\n<h2><span class=\"ez-toc-section\" id=\"JAV_rinkimai_ko_tiketis_is_Vasingtono\"><\/span><strong>JAV rinkimai: ko tik\u0117tis i\u0161 Va\u0161ingtono?<\/strong><span class=\"ez-toc-section-end\"><\/span><\/h2>\n<p>JAV ir ES veiksmai labiausiai papildo vienas kit\u0105 Vakar\u0173 Balkan\u0173 regione. Ta\u010diau, kaip parod\u0117 pirmoji Donaldo Trumpo administracija, Va\u0161ingtonas kartais siekia savo tiksl\u0173 Vakar\u0173 Balkanuose.<\/p>\n<p>Kadangi transatlantiniai santykiai per kit\u0105 Trumpo administracij\u0105 tikriausiai pasieks nauj\u0105 \u017eemum\u0105, ES tur\u0117t\u0173 laikytis vieningos geostrategin\u0117s pozicijos \u0161i\u0173 nauj\u0173 geopolitini\u0173 klausim\u0173 at\u017evilgiu, kad b\u016bt\u0173 i\u0161vengta tolesnio savo pa\u010dios geopolitin\u0117s ir geoekonomin\u0117s \u012ftakos praradimo regione.<\/p>\n<p>Pirmosios D. Trumpo administracijos laikais D. Trumpui ir jo \u0161eimai artimi \u017emon\u0117s siek\u0117 asmenini\u0173 tiksl\u0173, d\u0117l kuri\u0173 viena\u0161ali\u0161kai pasikeit\u0117 JAV politika Vakar\u0173 Balkanuose. Richardas Grenellas perdav\u0117 savo special\u0173j\u012f pasiuntin\u012f Serbijos ir Kosovo taikos deryboms, \u017einomoms kaip Va\u0161ingtono susitarimas.<\/p>\n<p>Grenell taip pat palaik\u0117 glaud\u017eius ry\u0161ius su \u0160iaur\u0117s Makedonijos ministru pirmininku Hristijanu Mickoskiu, Albanijos ministru pirmininku Edi Rama ir Serbijos prezidentu Aleksandru Vu\u010di\u010diumi. Jis pasinaudojo \u0161iais ry\u0161iais, kad pad\u0117t\u0173 atverti duris investicin\u0117ms \u012fmon\u0117ms, \u012fskaitant tas, kuri\u0173 ie\u0161kojo Trumpo \u017eentas Jaredas Kushneris ir jo s\u016bnus Donaldas Trumpas jaunesnysis.<\/p>\n<p>Dezorganizacija per pirm\u0105j\u0105 D. Trumpo administracij\u0105 paskatino ES atgaivinti savo, kaip tarpinink\u0117s, pozicij\u0105 Belgrado ir Pri\u0161tinos dialoge. Trumpo poslinkis nuo dominuojan\u010dios, demokrati\u0161kai liberalios galios pozicij\u0173 sutampa su demokratijos ir liberali\u0173 vertybi\u0173 krize Europoje. Lydimas visuotinio populistini\u0173 ir autoritarini\u0173 vertybi\u0173 kilimo, Vakaruose pla\u010diai paplit\u0119s \u017emoni\u0173 ilgesys stipraus \u017emogaus (politikos stipryb\u0117s) vadovavimo vald\u017eiai, kei\u010dia Europos periferijos \u017evaig\u017edynus.<\/p>\n<p>Va\u0161ingtonas ateityje gali tapti selektyvesnis ir operatyvesnis, o tai gali b\u016bti naudinga neliberaliems Vakar\u0173 Balkan\u0173 lyderiams. Dar reikia pamatyti, ar neliberalios tendencijos tokiose srityse kaip teisin\u0117 valstyb\u0117, spaudos laisv\u0117 ir pagrindin\u0117s teis\u0117s tur\u0117s \u012ftakos deryb\u0173 pozicijai prie\u0161 Briusel\u012f d\u0117l ES s\u0105lyg\u0173. Tai gali tur\u0117ti \u012ftakos, kaip greitai \u0161ios \u0161alys pl\u0117sis ir integruosis \u012f grie\u017etai reguliuojam\u0105 ES bendr\u0105j\u0105 rink\u0105. D\u0117l to gali kilti pavojus saugumui ir regionin\u0117 \u012ftampa.<\/p>\n<p>Kitos gr\u0117sm\u0117s gali kilti d\u0117l galimo JAV kari\u0173 pasitraukimo i\u0161 KFOR, JT taikos palaikymo paj\u0117g\u0173 Kosove ir pablog\u0117jusios NATO reputacijos. Trumpo aljansas su neliberaliais Europos lyderiais, tokiais kaip Viktoras Orbanas, sudaro galimybes Vakar\u0173 Balkan\u0173 lyderiams toliau konsoliduoti savo vidaus gali\u0105, manipuliuoti etnorevizionistin\u0117mis darbotvark\u0117mis ir daugiau bendradarbiauti su i\u0161or\u0117s partijomis \u2013 visa tai suma\u017eint\u0173 ES \u012ftak\u0105.<\/p>\n<h2><span class=\"ez-toc-section\" id=\"Rekomendacijos_ka_reikia_padaryti\"><\/span><strong>Rekomendacijos: k\u0105 reikia padaryti?<\/strong><span class=\"ez-toc-section-end\"><\/span><\/h2>\n<p>Svarbu pasinaudoti Tarybai pirmininkaujan\u010dios Vengrijos i\u0161vada ir gruod\u017eio 18 d. ES ir Vakar\u0173 Balkan\u0173 \u0161ali\u0173 auk\u0161\u010diausiojo lygio susitikimu kaip galimybe \u012fvertinti ES pl\u0117tros pad\u0117t\u012f. Vengrijos pirmininkavimo laikotarpiu pl\u0117tra buvo pagrindinis politikos prioritetas.<\/p>\n<p>Vengrijos noras pl\u0117stis turi b\u016bti vertinamas atsargiai. Kalbant apie ES pl\u0117tr\u0105, Orbanas siekia savo tiksl\u0173 \u2013 sustiprinti Vu\u010di\u010diaus ir Serb\u0173 Respublikos prezidento Milorado Dodiko neliberali\u0105 politik\u0105 per savo, kaip ES vyriausiojo derybininko, vaidmen\u012f.<\/p>\n<p>Ry\u0161kioje natoje svarbu pamin\u0117ti Juodkalnijos paskelbt\u0105 ketinim\u0105 \u012fstoti \u012f ES iki 2028 m. ir Albanijos naryst\u0117s deryb\u0173 prad\u017ei\u0105. Labai svarbu paspartinti ES pl\u0117tros proces\u0105 ir suteikti Vakar\u0173 Balkan\u0173 valstyb\u0117ms teis\u0117t\u0105 naryst\u0117s galimyb\u0119.<\/p>\n<p>Vakar\u0173 Balkanai yra geopolitini\u0173 gin\u010d\u0173 zona, kurioje Vakarai (pirmiausia ES, JAV ir NATO) konkuruoja su kitais geopolitiniais veik\u0117jais, tokiais kaip Rusija, Kinija ir Turkija. Po beveik 20 met\u0173 trukusio suart\u0117jimo su ES, ilgas laukimas, ekonomini\u0173 perspektyv\u0173 nebuvimas arba nusivylimas ir itin technokrati\u0161kas stojimo procesas paskatino vis daugiau \u017emoni\u0173 suabejoti keliu \u012f ES kaip neat\u0161aukiamu tikslu.<\/p>\n<p>\u0160iuo at\u017evilgiu ES tur\u0117t\u0173 laikytis vieningo geostrateginio po\u017ei\u016brio \u012f \u0161iuos naujus geopolitinius klausimus, kad i\u0161vengt\u0173 tolesn\u0117s savo politin\u0117s ir ekonomin\u0117s \u012ftakos regione erozijos. Be to, \u0161is per\u017ei\u016br\u0117tas po\u017ei\u016bris pad\u0117t\u0173 ES prisiimti nauj\u0105 pasaulin\u012f geopolitin\u0117s veik\u0117jos vaidmen\u012f, atsi\u017evelgiant \u012f tai, kad transatlantiniai santykiai, vadovaujant D. Trumpui, grei\u010diausiai susilpn\u0117s.<\/p>\n<p>Kad tai pasiekt\u0173, ES turi laikytis ai\u0161kaus ir bendro po\u017ei\u016brio su Vakar\u0173 Balkanais. Nauja didesn\u0117s Europos integracijos priemon\u0117 \u2013 Vakar\u0173 Balkan\u0173 augimo planas, \u012fskaitant Vakar\u0173 Balkan\u0173 reform\u0105 ir ekonomikos augimo priemon\u0119, kaip nauj\u0105 finansin\u0119 priemon\u0119, \u2013 suteikia tam tikr\u0173 prana\u0161um\u0173 prie\u0161 visi\u0161k\u0105 \u012fstojim\u0105 \u012f ES. Skatinti laipsni\u0161k\u0105 integracij\u0105 ir bendradarbiavimo projekt\u0173 \u012fgyvendinim\u0105 Vakar\u0173 Balkanuose, siekiant suma\u017einti regiono priklausomyb\u0119 nuo i\u0161or\u0117s veik\u0117j\u0173.<\/p>\n<p>Marta Kos, pirmoji ES Komisijos paskirta ES pl\u0117tros komisar\u0117, yra \u017eingsnis siekiant sugr\u0105\u017einti 2004 m. pl\u0117tros dvasi\u0105, kai prie bloko prisijung\u0117 rekordi\u0161kai 10 \u0161ali\u0173. Ta\u010diau \u0161i\u0105 dvasi\u0105 gali sukelti tik naujas po\u017ei\u016bris, kuriame atsi\u017evelgiama \u012f \u0161iandienos geopolitinius ir geoekonominius veiksnius.<\/p>\n<p>\u012e neliberalios demokratijos atsiradim\u0105 ES turi \u017ei\u016br\u0117ti kaip \u012f skub\u0173 raginim\u0105 gintis kaip \u012f liberali\u0173 ir demokratini\u0173 princip\u0173 ramst\u012f, ypa\u010d atsi\u017evelgiant \u012f rizikos ma\u017einimo taktik\u0105 Kinijos at\u017evilgiu, Rusijos agresij\u0105 prie\u0161 Ukrain\u0105 ir D. Trumpo inauguracij\u0105 sausio m\u0117nes\u012f. B\u016bsima ES strategija turi b\u016bti sutelkta \u012f saugum\u0105 ir atsparum\u0105.<\/p>\n<p>Vakar\u0173 Balkan\u0173 valstyb\u0117s yra ne tik geografi\u0161kai i\u0161sid\u0117s\u010diusios ES, bet ir labai svarbios regiono saugumui ir vienybei. Visos Vakar\u0173 Balkan\u0173 \u0161alys, i\u0161skyrus Serbij\u0105, visi\u0161kai laikosi ES bendros u\u017esienio ir saugumo politikos. ES tur\u0117t\u0173 pasinaudoti stojimo procesu, kad Vakar\u0173 Balkan\u0173 \u0161alyse propaguot\u0173 savo pagrindines vertybes, nors finansai vis dar yra svarbus aspektas.<\/p>\n<p>Faktas, kad trys Vakar\u0173 Balkan\u0173 valstyb\u0117s \u2013 Albanija, \u0160iaur\u0117s Makedonija ir Juodkalnija \u2013 yra NATO nar\u0117s, rodo, kad jos jau yra stipriai \u012fsitraukusios \u012f saugumo klausimus. Nauji geopolitiniai i\u0161\u0161\u016bkiai sukuria impuls\u0105, primenant\u012f 2004 m. Ryt\u0173 pl\u0117tr\u0105 ir pabr\u0117\u017eia, kad Vakar\u0173 Balkan\u0173 valstybi\u0173 ateitis yra ES.<\/p>\n<p><strong>Apie autor\u0119<\/strong><\/p>\n<p>Celine Pl\u00f6ger yra Bertelsmann Stiftung Europos ateities programos sta\u017euotoja.<\/p>\n<p><strong>Skaitykite daugiau apie ES pl\u0117tr\u0105<\/strong><\/p>\n<p>Kroatijos ministras pirmininkas Andrejus Plenkovi\u010dius d\u0117l ES pl\u0117tros, migracijos ir Ukrainos<\/p>\n<p>Did\u0117jantys skausmai: ES pl\u0117tra neturi kelti pavojaus teisinei valstybei ir geb\u0117jimui veikti<\/p>\n<p>Draug\u0173 i\u0161laikymas ar\u010diau: kod\u0117l ES tur\u0117t\u0173 spr\u0119sti naujas geoekonomines realijas ir stiprinti partneryst\u0119 su savo kaimynais<\/p>\n<\/p><\/div>\n<p><br \/>\n<br \/><a href=\"https:\/\/globaleurope.eu\/europes-future\/geopolitical-rivalries-in-the-wb6-what-does-this-mean-for-renewed-eu-enlargement\/\">Source link <\/a><\/p>\n","protected":false},"excerpt":{"rendered":"<p>At organizuojami Europos draugai ES ir Vakar\u0173 Balkan\u0173 auk\u0161\u010diausiojo lygio susitikimas, U\u017e pl\u0117tr\u0105 atsakinga ES komisar\u0117 Marta Kos patvirtino, kad naujoji Europos Komisija bus pl\u0117tros komisija, pabr\u0117\u017edama perspektyv\u0173 \u0161e\u0161i\u0173 Vakar\u0173 Balkan\u0173 \u0161ali\u0173 (WB6) integracijos keli\u0105, kai ES siekia atsinaujinti. War Ukrainoje i\u0161or\u0117s geopolitini\u0173 veik\u0117j\u0173 \u012ftaka ir poslinkis prie neliberalios demokratijos form\u0173 Vakar\u0173 Balkanuose reikalauja ai\u0161ki\u0173&#8230;<\/p>\n","protected":false},"author":1,"featured_media":995,"comment_status":"","ping_status":"","sticky":false,"template":"","format":"standard","meta":{"om_disable_all_campaigns":false,"_monsterinsights_skip_tracking":false,"_monsterinsights_sitenote_active":false,"_monsterinsights_sitenote_note":"","_monsterinsights_sitenote_category":0,"footnotes":""},"categories":[5],"tags":[2149,124,261,2148,2062],"class_list":["post-994","post","type-post","status-publish","format-standard","has-post-thumbnail","hentry","category-pasaulio-ekonomikos-naujienos","tag-atnaujintai","tag-ka","tag-pletrai","tag-reiskia","tag-tai"],"aioseo_notices":[],"_links":{"self":[{"href":"https:\/\/naujienosversle.lt\/index.php\/wp-json\/wp\/v2\/posts\/994","targetHints":{"allow":["GET"]}}],"collection":[{"href":"https:\/\/naujienosversle.lt\/index.php\/wp-json\/wp\/v2\/posts"}],"about":[{"href":"https:\/\/naujienosversle.lt\/index.php\/wp-json\/wp\/v2\/types\/post"}],"author":[{"embeddable":true,"href":"https:\/\/naujienosversle.lt\/index.php\/wp-json\/wp\/v2\/users\/1"}],"replies":[{"embeddable":true,"href":"https:\/\/naujienosversle.lt\/index.php\/wp-json\/wp\/v2\/comments?post=994"}],"version-history":[{"count":0,"href":"https:\/\/naujienosversle.lt\/index.php\/wp-json\/wp\/v2\/posts\/994\/revisions"}],"wp:featuredmedia":[{"embeddable":true,"href":"https:\/\/naujienosversle.lt\/index.php\/wp-json\/wp\/v2\/media\/995"}],"wp:attachment":[{"href":"https:\/\/naujienosversle.lt\/index.php\/wp-json\/wp\/v2\/media?parent=994"}],"wp:term":[{"taxonomy":"category","embeddable":true,"href":"https:\/\/naujienosversle.lt\/index.php\/wp-json\/wp\/v2\/categories?post=994"},{"taxonomy":"post_tag","embeddable":true,"href":"https:\/\/naujienosversle.lt\/index.php\/wp-json\/wp\/v2\/tags?post=994"}],"curies":[{"name":"wp","href":"https:\/\/api.w.org\/{rel}","templated":true}]}}