{"id":509,"date":"2024-10-17T15:18:57","date_gmt":"2024-10-17T15:18:57","guid":{"rendered":"https:\/\/naujienosversle.lt\/index.php\/2024\/10\/17\/kroatijos-ministras-pirmininkas-andrejus-plenkovicius-del-es-pletros-migracijos-ir-ukrainos\/"},"modified":"2024-10-17T15:18:57","modified_gmt":"2024-10-17T15:18:57","slug":"kroatijos-ministras-pirmininkas-andrejus-plenkovicius-del-es-pletros-migracijos-ir-ukrainos","status":"publish","type":"post","link":"https:\/\/naujienosversle.lt\/index.php\/2024\/10\/17\/kroatijos-ministras-pirmininkas-andrejus-plenkovicius-del-es-pletros-migracijos-ir-ukrainos\/","title":{"rendered":"Kroatijos ministras pirmininkas Andrejus Plenkovi\u010dius d\u0117l ES pl\u0117tros, migracijos ir Ukrainos"},"content":{"rendered":"<p> <br \/>\n<\/p>\n<div>\n<head><br \/>\n  <meta charset=\"UTF-8\"\/><br \/>\n  <meta name=\"viewport\" content=\"width=device-width, initial-scale=1.0, maximum-scale=2.0\"\/><\/p>\n<p>  <meta name=\"format-detection\" content=\"telephone=no\"\/><\/p>\n<link rel=\"shortcut icon\" href=\"https:\/\/assets21.bertelsmann-stiftung.de\/favicon.ico\" type=\"image\/x-icon\"\/>\n<p>  <meta name=\"robots\" content=\"index, follow, max-image-preview:large, max-snippet:-1, max-video-preview:-1\"\/><\/p>\n<p>\t<!-- This site is optimized with the Yoast SEO plugin v23.2 - https:\/\/yoast.com\/wordpress\/plugins\/seo\/ --><br \/>\n\t<title>Kroatijos ministras pirmininkas Andrejus Plenkovi\u010dius d\u0117l ES pl\u0117tros, migracijos ir Ukrainos<\/title><br \/>\n\t<meta name=\"description\" content=\"On Monday 14 October 2024 at the Bertelsmann Stiftung Berlin, Croatian prime minister Andrej Plenkovi\u0107 engaged in a wide-ranging discussion with Daniela Schwarzer, executive board member of Bertelsmann Stiftung, to explore the challenges facing the European Union.\"\/>\n\t<link rel=\"canonical\" href=\"https:\/\/globaleurope.eu\/europes-future\/croatias-prime-minister-andrej-plenkovic-on-eu-enlargement-migration-and-ukraine\/\"\/>\n\t<meta property=\"og:locale\" content=\"en_GB\"\/><br \/>\n\t<meta property=\"og:type\" content=\"article\"\/><br \/>\n\t<meta property=\"og:title\" content=\"Croatia's Prime Minister Andrej Plenkovi\u0107 on EU Enlargement, Migration and Ukraine\"\/><br \/>\n\t<meta property=\"og:description\" content=\"On Monday 14 October 2024 at the Bertelsmann Stiftung Berlin, Croatian prime minister Andrej Plenkovi\u0107 engaged in a wide-ranging discussion with Daniela Schwarzer, executive board member of Bertelsmann Stiftung, to explore the challenges facing the European Union.\"\/><br \/>\n\t<meta property=\"og:url\" content=\"https:\/\/globaleurope.eu\/europes-future\/croatias-prime-minister-andrej-plenkovic-on-eu-enlargement-migration-and-ukraine\/\"\/><br \/>\n\t<meta property=\"og:site_name\" content=\"Global &amp; European Dynamics\"\/><br \/>\n\t<meta property=\"article:published_time\" content=\"2024-10-17T15:02:55+00:00\"\/><br \/>\n\t<meta property=\"og:image\" content=\"https:\/\/globaleurope.eu\/wp-content\/uploads\/sites\/24\/2024\/10\/14.10.2024_BST_A.Plenkovic-4063-768x512.jpg\"\/><br \/>\n\t<meta property=\"og:image:width\" content=\"1024\"\/><br \/>\n\t<meta property=\"og:image:height\" content=\"683\"\/><br \/>\n\t<meta property=\"og:image:type\" content=\"image\/jpeg\"\/><br \/>\n\t<meta name=\"author\" content=\"mschmitz\"\/><br \/>\n\t<meta name=\"twitter:card\" content=\"summary_large_image\"\/><br \/>\n\t<meta name=\"twitter:label1\" content=\"Written by\"\/><br \/>\n\t<meta name=\"twitter:data1\" content=\"mschmitz\"\/><br \/>\n\t<meta name=\"twitter:label2\" content=\"Estimated reading time\"\/><br \/>\n\t<meta name=\"twitter:data2\" content=\"5 minutes\"\/><\/p>\n<p>\t<!-- \/ Yoast SEO plugin. --><\/p>\n<link rel=\"alternate\" type=\"application\/rss+xml\" title=\"Global &amp; European Dynamics \u00bb Croatia\u2019s Prime Minister Andrej Plenkovi\u0107 on EU Enlargement, Migration and Ukraine Comments Feed\" href=\"https:\/\/globaleurope.eu\/europes-future\/croatias-prime-minister-andrej-plenkovic-on-eu-enlargement-migration-and-ukraine\/feed\/\"\/>\n<link rel=\"stylesheet\" id=\"dashicons-css\" href=\"https:\/\/globaleurope.eu\/wp-includes\/css\/dashicons.min.css?ver=6.6.1\" type=\"text\/css\" media=\"all\"\/>\n<link rel=\"https:\/\/api.w.org\/\" href=\"https:\/\/globaleurope.eu\/wp-json\/\"\/><link rel=\"alternate\" title=\"JSON\" type=\"application\/json\" href=\"https:\/\/globaleurope.eu\/wp-json\/wp\/v2\/posts\/34964\"\/><link rel=\"EditURI\" type=\"application\/rsd+xml\" title=\"RSD\" href=\"https:\/\/globaleurope.eu\/xmlrpc.php?rsd\"\/>\n<meta name=\"generator\" content=\"WordPress 6.6.1\"\/>\n<link rel=\"shortlink\" href=\"https:\/\/globaleurope.eu\/?p=34964\"\/>\n<link rel=\"alternate\" title=\"oEmbed (JSON)\" type=\"application\/json+oembed\" href=\"https:\/\/globaleurope.eu\/wp-json\/oembed\/1.0\/embed?url=https%3A%2F%2Fglobaleurope.eu%2Feuropes-future%2Fcroatias-prime-minister-andrej-plenkovic-on-eu-enlargement-migration-and-ukraine%2F\"\/>\n<link rel=\"alternate\" title=\"oEmbed (XML)\" type=\"text\/xml+oembed\" href=\"https:\/\/globaleurope.eu\/wp-json\/oembed\/1.0\/embed?url=https%3A%2F%2Fglobaleurope.eu%2Feuropes-future%2Fcroatias-prime-minister-andrej-plenkovic-on-eu-enlargement-migration-and-ukraine%2F&amp;format=xml\"\/>\n<p>            <!-- Copyright (c) 2000-2021 etracker GmbH. All rights reserved. --><br \/>\n            <!-- This material may not be reproduced, displayed, modified or distributed --><br \/>\n            <!-- without the express prior written permission of the copyright holder. --><br \/>\n            <!-- etracker tracklet 5.0 --><\/p>\n<p>            <!-- etracker tracklet 5.0 end -->\n        <link rel=\"icon\" href=\"https:\/\/globaleurope.eu\/wp-content\/uploads\/sites\/24\/2022\/10\/favicon.ico\" sizes=\"32x32\"\/>\n<link rel=\"icon\" href=\"https:\/\/globaleurope.eu\/wp-content\/uploads\/sites\/24\/2022\/10\/favicon.ico\" sizes=\"192x192\"\/>\n<link rel=\"apple-touch-icon\" href=\"https:\/\/globaleurope.eu\/wp-content\/uploads\/sites\/24\/2022\/10\/favicon.ico\"\/>\n<meta name=\"msapplication-TileImage\" content=\"https:\/\/globaleurope.eu\/wp-content\/uploads\/sites\/24\/2022\/10\/favicon.ico\"\/><\/p>\n<link rel=\"stylesheet\" href=\"https:\/\/cdnjs.cloudflare.com\/ajax\/libs\/tiny-slider\/2.9.3\/tiny-slider.css\"\/>\n<p>    <!-- Copyright (c) 2000-2020 etracker GmbH. All rights reserved. --><br \/>\n    <!-- This material may not be reproduced, displayed, modified or distributed --><br \/>\n    <!-- without the express prior written permission of the copyright holder. --><br \/>\n    <!-- etracker tracklet 5.0 --><\/p>\n<p>    <!-- etracker tracklet 5.0 end --><br \/>\n<\/head><br \/>\n<body class=\"post-template-default single single-post postid-34964 single-format-standard\" id=\"wp_automatic_ReadabilityBody\"><\/p>\n<div id=\"app_handle\">\n<p><main class=\"sections\"><\/p>\n<section class=\"section singlePost singlePost--withCover\">\n<div class=\"container\">\n<div class=\"container__inner container__inner--morePadding\">\n<section class=\"section\">\n<div class=\"container\">\n<div class=\"container__inner container__inner--morePadding\">\n<h2 class=\"heading__h2 heading__h2--center heading__h2--singlePost\">Kiti autoriaus straipsniai<\/h2>\n<\/p><\/div>\n<\/p><\/div>\n<\/section>\n<section class=\"section\">\n<\/section><\/div>\n<\/p><\/div>\n<\/section>\n<p><\/main><\/div>\n<p><\/body>\n<\/div>\n<p><br \/>\n<br \/><a href=\"https:\/\/globaleurope.eu\/europes-future\/croatias-prime-minister-andrej-plenkovic-on-eu-enlargement-migration-and-ukraine\/\">Source link <\/a><\/p>\n","protected":false},"excerpt":{"rendered":"<p>Kroatijos ministras pirmininkas Andrejus Plenkovi\u010dius d\u0117l ES pl\u0117tros, migracijos ir Ukrainos Kiti autoriaus straipsniai Source link<\/p>\n","protected":false},"author":1,"featured_media":510,"comment_status":"open","ping_status":"open","sticky":false,"template":"","format":"standard","meta":{"om_disable_all_campaigns":false,"_monsterinsights_skip_tracking":false,"_monsterinsights_sitenote_active":false,"_monsterinsights_sitenote_note":"","_monsterinsights_sitenote_category":0,"footnotes":""},"categories":[5],"tags":[920,922,917,924,918,919,921,923,925],"class_list":["post-509","post","type-post","status-publish","format-standard","has-post-thumbnail","hentry","category-pasaulio-ekonomikos-naujienos","tag-andrejus","tag-del","tag-kroatijos","tag-migracijos","tag-ministras","tag-pirmininkas","tag-plenkovicius","tag-pletros","tag-ukrainos"],"aioseo_notices":[],"_links":{"self":[{"href":"https:\/\/naujienosversle.lt\/index.php\/wp-json\/wp\/v2\/posts\/509","targetHints":{"allow":["GET"]}}],"collection":[{"href":"https:\/\/naujienosversle.lt\/index.php\/wp-json\/wp\/v2\/posts"}],"about":[{"href":"https:\/\/naujienosversle.lt\/index.php\/wp-json\/wp\/v2\/types\/post"}],"author":[{"embeddable":true,"href":"https:\/\/naujienosversle.lt\/index.php\/wp-json\/wp\/v2\/users\/1"}],"replies":[{"embeddable":true,"href":"https:\/\/naujienosversle.lt\/index.php\/wp-json\/wp\/v2\/comments?post=509"}],"version-history":[{"count":0,"href":"https:\/\/naujienosversle.lt\/index.php\/wp-json\/wp\/v2\/posts\/509\/revisions"}],"wp:featuredmedia":[{"embeddable":true,"href":"https:\/\/naujienosversle.lt\/index.php\/wp-json\/wp\/v2\/media\/510"}],"wp:attachment":[{"href":"https:\/\/naujienosversle.lt\/index.php\/wp-json\/wp\/v2\/media?parent=509"}],"wp:term":[{"taxonomy":"category","embeddable":true,"href":"https:\/\/naujienosversle.lt\/index.php\/wp-json\/wp\/v2\/categories?post=509"},{"taxonomy":"post_tag","embeddable":true,"href":"https:\/\/naujienosversle.lt\/index.php\/wp-json\/wp\/v2\/tags?post=509"}],"curies":[{"name":"wp","href":"https:\/\/api.w.org\/{rel}","templated":true}]}}