{"id":362,"date":"2024-09-26T12:26:39","date_gmt":"2024-09-26T12:26:39","guid":{"rendered":"https:\/\/naujienosversle.lt\/index.php\/2024\/09\/26\/siauliu-rajone-atidarytas-maisto-ir-virtuves-atlieku-apdorojimo-cechas\/"},"modified":"2024-09-29T14:04:25","modified_gmt":"2024-09-29T14:04:25","slug":"siauliu-rajone-atidarytas-maisto-ir-virtuves-atlieku-apdorojimo-cechas","status":"publish","type":"post","link":"https:\/\/naujienosversle.lt\/index.php\/2024\/09\/26\/siauliu-rajone-atidarytas-maisto-ir-virtuves-atlieku-apdorojimo-cechas\/","title":{"rendered":"\u0160iauli\u0173 rajone atidarytas maisto ir virtuv\u0117s atliek\u0173 apdorojimo cechas"},"content":{"rendered":"\n<p><\/p>\n<p>V\u0161\u012e \u0160iauli\u0173 regiono atliek\u0173 tvarkymo centras (\u0160RATC) oficialiai atidar\u0117 maisto ir virtuv\u0117s atliek\u0173 apdorojimo cech\u0105. \u012e \u0161ias \u0160iauli\u0173 regiono nepavojing\u0173 atliek\u0173 s\u0105vartyno teritorijoje esan\u010dias patalpas bus pristatomos regione surinktos maisto ir virtuv\u0117s atliekos. \u010cia jos bus apdorojamos ir perdirbamos \u012f med\u017eiag\u0105 energijai i\u0161gauti.<\/p>\n<div id=\"ez-toc-container\" class=\"ez-toc-v2_0_82_2 counter-hierarchy ez-toc-counter ez-toc-grey ez-toc-container-direction\">\n<div class=\"ez-toc-title-container\">\n<p class=\"ez-toc-title\" style=\"cursor:inherit\">Turinys;<\/p>\n<span class=\"ez-toc-title-toggle\"><a href=\"#\" class=\"ez-toc-pull-right ez-toc-btn ez-toc-btn-xs ez-toc-btn-default ez-toc-toggle\" aria-label=\"Toggle Table of Content\"><span class=\"ez-toc-js-icon-con\"><span class=\"\"><span class=\"eztoc-hide\" style=\"display:none;\">Toggle<\/span><span class=\"ez-toc-icon-toggle-span\"><svg style=\"fill: #999;color:#999\" xmlns=\"http:\/\/www.w3.org\/2000\/svg\" class=\"list-377408\" width=\"20px\" height=\"20px\" viewBox=\"0 0 24 24\" fill=\"none\"><path d=\"M6 6H4v2h2V6zm14 0H8v2h12V6zM4 11h2v2H4v-2zm16 0H8v2h12v-2zM4 16h2v2H4v-2zm16 0H8v2h12v-2z\" fill=\"currentColor\"><\/path><\/svg><svg style=\"fill: #999;color:#999\" class=\"arrow-unsorted-368013\" xmlns=\"http:\/\/www.w3.org\/2000\/svg\" width=\"10px\" height=\"10px\" viewBox=\"0 0 24 24\" version=\"1.2\" baseProfile=\"tiny\"><path d=\"M18.2 9.3l-6.2-6.3-6.2 6.3c-.2.2-.3.4-.3.7s.1.5.3.7c.2.2.4.3.7.3h11c.3 0 .5-.1.7-.3.2-.2.3-.5.3-.7s-.1-.5-.3-.7zM5.8 14.7l6.2 6.3 6.2-6.3c.2-.2.3-.5.3-.7s-.1-.5-.3-.7c-.2-.2-.4-.3-.7-.3h-11c-.3 0-.5.1-.7.3-.2.2-.3.5-.3.7s.1.5.3.7z\"\/><\/svg><\/span><\/span><\/span><\/a><\/span><\/div>\n<nav><ul class='ez-toc-list ez-toc-list-level-1 ' ><li class='ez-toc-page-1 ez-toc-heading-level-2'><a class=\"ez-toc-link ez-toc-heading-1\" href=\"https:\/\/naujienosversle.lt\/index.php\/2024\/09\/26\/siauliu-rajone-atidarytas-maisto-ir-virtuves-atlieku-apdorojimo-cechas\/#Is_maisto_ir_virtuves_atlieku_bus_gaminama_pulpa\" >I\u0161 maisto ir virtuv\u0117s atliek\u0173 bus gaminama pulpa<\/a><\/li><li class='ez-toc-page-1 ez-toc-heading-level-2'><a class=\"ez-toc-link ez-toc-heading-2\" href=\"https:\/\/naujienosversle.lt\/index.php\/2024\/09\/26\/siauliu-rajone-atidarytas-maisto-ir-virtuves-atlieku-apdorojimo-cechas\/#Ministras_S_Gentvilas_%E2%80%9ESRATC_lyderiauja_atlieku_tvarkymo_srityje%E2%80%9C\" >Ministras S. Gentvilas: \u201e\u0160RATC lyderiauja atliek\u0173 tvarkymo srityje\u201c<\/a><\/li><li class='ez-toc-page-1 ez-toc-heading-level-2'><a class=\"ez-toc-link ez-toc-heading-3\" href=\"https:\/\/naujienosversle.lt\/index.php\/2024\/09\/26\/siauliu-rajone-atidarytas-maisto-ir-virtuves-atlieku-apdorojimo-cechas\/#Kaip_maisto_ir_virtuves_atliekas_rusiuoja_gyventojai\" >Kaip maisto ir virtuv\u0117s atliekas r\u016b\u0161iuoja gyventojai?<\/a><\/li><\/ul><\/nav><\/div>\n<h2><span class=\"ez-toc-section\" id=\"Is_maisto_ir_virtuves_atlieku_bus_gaminama_pulpa\"><\/span>I\u0161 maisto ir virtuv\u0117s atliek\u0173 bus gaminama pulpa<span class=\"ez-toc-section-end\"><\/span><\/h2>\n<p>Atidarymo renginyje dalyvavo aplinkos ministras Simonas Gentvilas, \u0160iauli\u0173 miesto savivaldyb\u0117s administracijos direktorius Antanas Bartulis, \u0160RATC direktorius \u017dilvinas \u0160ilgalis, dalinink\u0173 atstovai ir valdybos nariai, \u00a0rangov\u0173 UAB \u201eRaseini\u0173 statyba\u201c generalinis direktorius Saulius Bekampis ir UAB \u201eUgira\u201c direktorius Aloyzas Jurdonas, specialistai i\u0161 Latvijos ir Estijos regionini\u0173 atliek\u0173 tvarkymo centr\u0173 bei kiti sve\u010diai.<\/p>\n<blockquote><p>\u201eD\u017eiaugiam\u0117s, kad drauge su savivaldyb\u0117mis partner\u0117mis \u0161iandien <a href=\"https:\/\/www.facebook.com\/www.perrasymas.lt\/\">galime prad\u0117ti<\/a> nauj\u0105 etap\u0105 \u0160iauli\u0173 regiono atliek\u0173 tvarkymo sistemoje. Maisto ir virtuv\u0117s atliekas s\u0117kmingai renkame nuo \u0161i\u0173 met\u0173 sausio 1 d., o nuo \u0161iol i\u0161 \u0161i\u0173 atliek\u0173 bus prad\u0117ta gaminti vertinga med\u017eiaga \u2013 pulpa, kuri bus naudojama biometano gamybai. Tai svarbus \u017eingsnis ne tik mums, bet ir <a href=\"https:\/\/www.facebook.com\/perrasymas.lt\">ateities kartoms<\/a>. D\u0117kojame visiems, prisid\u0117jusiems prie projekto \u012fgyvendinimo\u201c, \u2013 kalb\u0117jo \u0160RATC direktorius \u017d. \u0160ilgalis.<\/p><\/blockquote>\n<h2><span class=\"ez-toc-section\" id=\"Ministras_S_Gentvilas_%E2%80%9ESRATC_lyderiauja_atlieku_tvarkymo_srityje%E2%80%9C\"><\/span>Ministras S. Gentvilas: \u201e\u0160RATC lyderiauja atliek\u0173 tvarkymo srityje\u201c<span class=\"ez-toc-section-end\"><\/span><\/h2>\n<p>Susirinkusiuosius sveikino ir ministras S. Gentvilas: \u201eKai kurios Europos \u0161alys dar n\u0117 ner\u016b\u0161iuoja maisto atliek\u0173, o \u0161iandien mes atidarome jau antr\u0105j\u012f Lietuvoje maisto atliek\u0173 apdorojimo cech\u0105. Tai liudija \u0160RATC lyderyst\u0119 atliek\u0173 tvarkymo srityje\u201c.<\/p>\n<blockquote><p>\u201eNoriu nuo\u0161ird\u017eiai pad\u0117koti ir statyb\u0173 \u012fmonei, ir V\u0161\u012e \u0160iauli\u0173 regiono atliek\u0173 tvarkymo centro direktoriui \u017dilvinui \u0160ilgaliui bei jo komandai. Maisto atliek\u0173 r\u016b\u0161iavimas tapo realybe. Linkiu s\u0117km\u0117s art\u0117jan\u010diuose projektuose ir tegul \u0160iauli\u0173 regionas b\u016bna pavyzd\u017eiu visai Lietuvai\u201c, \u2013 d\u017eiaug\u0117si \u0160iauli\u0173 miesto savivaldyb\u0117s administracijos direktorius A. Bartulis.<\/p><\/blockquote>\n<h2><span class=\"ez-toc-section\" id=\"Kaip_maisto_ir_virtuves_atliekas_rusiuoja_gyventojai\"><\/span>Kaip maisto ir virtuv\u0117s atliekas r\u016b\u0161iuoja gyventojai?<span class=\"ez-toc-section-end\"><\/span><\/h2>\n<p>\u0160iauli\u0173 miesto daugiabu\u010di\u0173 nam\u0173 ir sod\u0173, \u0160iauli\u0173 ir Radvili\u0161kio rajon\u0173 daugiabu\u010di\u0173 nam\u0173 gyventojai \u012f atskirus maisto atliek\u0173 konteinerius gali mesti ne tik tai, kas liko l\u0117k\u0161t\u0117je, ta\u010diau ir visas kitas maisto ar su juo susilietusias atliekas. Tai vaisi\u0173 ir dar\u017eovi\u0173 liku\u010diai, m\u0117sos ir \u017euvies kaulai, arbatos pakeliai ir kavos tir\u0161\u010diai, riebalais sutepti popieriniai rank\u0161luos\u010diai, plastikin\u0117s ir popierin\u0117s pakuot\u0117s, aliejus plastikiniuose buteliuose.<\/p>\n<figure id=\"attachment_287940\" class=\"wp-caption aligncenter\" style=\"width: 1230px;\" aria-describedby=\"caption-attachment-287940\"><img loading=\"lazy\" decoding=\"async\" class=\"wp-image-287940 size-full\" src=\"https:\/\/miestonaujienos.lt\/wp-content\/uploads\/2024\/09\/atsisiusti.jpg\" alt=\"\" width=\"1230\" height=\"460\" \/><figcaption id=\"caption-attachment-287940\" class=\"wp-caption-text\">Nuo 2024 m. sausio 1 d. \u0161alyje prasid\u0117jo atskiras maisto ir virtuv\u0117s atliek\u0173 surinkimas, kaip reikalauja Europos S\u0105jungos direktyva, bei naujas maisto ir virtuv\u0117s atliek\u0173 tvarkymo reglamentavimas Lietuvoje. Kad gyventume \u0161varioje aplinkoje, kurtume tvari\u0105 ir saugi\u0105 ateit\u012f, perdirbtume kuo didesn\u012f kiek\u012f atliek\u0173, svarbus kiekvieno gyventojo ind\u0117lis!<\/figcaption><\/figure>\n<p>Kelm\u0117s ir Joni\u0161kio rajonuose maisto atliekos renkamos kartu su \u017ealiosiomis atliekomis pusiau po\u017eemin\u0117se aik\u0161tel\u0117se \u2013 \u010dia negalima mesti gyv\u016bnin\u0117s kilm\u0117s atliek\u0173. Daugiau informacijos apie maisto atliek\u0173 r\u016b\u0161iavim\u0105 gyventojai gali rasti <a href=\"https:\/\/meteliuparkas.lt\/senu-video-kaseciu-perrasymas\/\">interneto svetain\u0117je<\/a>\u00a0www.sratc.lt\/mva.<\/p>\n<p><span style=\"font-size: 10pt;\"><em>\u2022 V\u0161\u012e \u0160iauli\u0173 regiono atliek\u0173 tvarkymo centro informacija<\/em><\/span><\/p>\n<p>\u0160ia publikacija dalinasi Lietuvos region\u0173 naujien\u0173 portalas \u201eMiesto naujienos\u201c. Daugiau sau ir savo miestui aktuali\u0173 naujien\u0173 rasite portale Miesto naujienos.<\/p>\n\n<p><a href=\"https:\/\/miestonaujienos.lt\/siauliu-rajone-atidarytas-maisto-ir-virtuves-atlieku-apdorojimo-cechas\/\">Source link <\/a><\/p>\n","protected":false},"excerpt":{"rendered":"<p>V\u0161\u012e \u0160iauli\u0173 regiono atliek\u0173 tvarkymo centras (\u0160RATC) oficialiai atidar\u0117 maisto ir virtuv\u0117s atliek\u0173 apdorojimo cech\u0105. \u012e \u0161ias \u0160iauli\u0173 regiono nepavojing\u0173 atliek\u0173 s\u0105vartyno teritorijoje esan\u010dias patalpas bus pristatomos regione surinktos maisto ir virtuv\u0117s atliekos. \u010cia jos bus apdorojamos ir perdirbamos \u012f med\u017eiag\u0105 energijai i\u0161gauti. I\u0161 maisto ir virtuv\u0117s atliek\u0173 bus gaminama pulpa Atidarymo renginyje dalyvavo aplinkos&#8230;<\/p>\n","protected":false},"author":1,"featured_media":363,"comment_status":"open","ping_status":"open","sticky":false,"template":"","format":"standard","meta":{"om_disable_all_campaigns":false,"_monsterinsights_skip_tracking":false,"_monsterinsights_sitenote_active":false,"_monsterinsights_sitenote_note":"","_monsterinsights_sitenote_category":0,"footnotes":""},"categories":[4],"tags":[544,541,543,545,332,540,75,542],"class_list":["post-362","post","type-post","status-publish","format-standard","has-post-thumbnail","hentry","category-salies-naujienos","tag-apdorojimo","tag-atidarytas","tag-atlieku","tag-cechas","tag-maisto","tag-rajone","tag-siauliu","tag-virtuves"],"aioseo_notices":[],"_links":{"self":[{"href":"https:\/\/naujienosversle.lt\/index.php\/wp-json\/wp\/v2\/posts\/362","targetHints":{"allow":["GET"]}}],"collection":[{"href":"https:\/\/naujienosversle.lt\/index.php\/wp-json\/wp\/v2\/posts"}],"about":[{"href":"https:\/\/naujienosversle.lt\/index.php\/wp-json\/wp\/v2\/types\/post"}],"author":[{"embeddable":true,"href":"https:\/\/naujienosversle.lt\/index.php\/wp-json\/wp\/v2\/users\/1"}],"replies":[{"embeddable":true,"href":"https:\/\/naujienosversle.lt\/index.php\/wp-json\/wp\/v2\/comments?post=362"}],"version-history":[{"count":1,"href":"https:\/\/naujienosversle.lt\/index.php\/wp-json\/wp\/v2\/posts\/362\/revisions"}],"predecessor-version":[{"id":398,"href":"https:\/\/naujienosversle.lt\/index.php\/wp-json\/wp\/v2\/posts\/362\/revisions\/398"}],"wp:featuredmedia":[{"embeddable":true,"href":"https:\/\/naujienosversle.lt\/index.php\/wp-json\/wp\/v2\/media\/363"}],"wp:attachment":[{"href":"https:\/\/naujienosversle.lt\/index.php\/wp-json\/wp\/v2\/media?parent=362"}],"wp:term":[{"taxonomy":"category","embeddable":true,"href":"https:\/\/naujienosversle.lt\/index.php\/wp-json\/wp\/v2\/categories?post=362"},{"taxonomy":"post_tag","embeddable":true,"href":"https:\/\/naujienosversle.lt\/index.php\/wp-json\/wp\/v2\/tags?post=362"}],"curies":[{"name":"wp","href":"https:\/\/api.w.org\/{rel}","templated":true}]}}