{"id":262,"date":"2024-09-06T05:02:02","date_gmt":"2024-09-06T05:02:02","guid":{"rendered":"https:\/\/naujienosversle.lt\/index.php\/2024\/09\/06\/inauguruotas-47-asis-siauliu-miesto-garbes-pilietis\/"},"modified":"2024-09-06T05:02:02","modified_gmt":"2024-09-06T05:02:02","slug":"inauguruotas-47-asis-siauliu-miesto-garbes-pilietis","status":"publish","type":"post","link":"https:\/\/naujienosversle.lt\/index.php\/2024\/09\/06\/inauguruotas-47-asis-siauliu-miesto-garbes-pilietis\/","title":{"rendered":"Inauguruotas 47-asis \u0160iauli\u0173 miesto Garb\u0117s pilietis!"},"content":{"rendered":"<p> <br \/>\n<\/p>\n<div>\n<p>\u0160iauli\u0173 miesto gimtadienio rengini\u0173 cikl\u0105 atidar\u0117 i\u0161kilminga ceremonija. Atsinaujinusioje koncert\u0173 sal\u0117je \u201eSaul\u0117\u201c miesto garb\u0117s pilie\u010dio regalijos \u012fteiktos \u017einomam advokatui, teis\u0117jui, istorini\u0173, kult\u016bros, sporto ir meno knyg\u0173 autoriui, kra\u0161totyrininkui, fotografui, keliautojui Jonui Nekra\u0161iui. Taip pat \u012fteiktas ir Auksinio \u0161aulio pad\u0117kos \u017eenklas, u\u017e nuo\u0161ird\u0173 atsidavim\u0105 savo darbui ir pelnyt\u0105 \u0161iaulie\u010di\u0173 pripa\u017einim\u0105 jis \u0161iemet atiteko Dariui Dakniui.<\/p>\n<div class=\"g g-58\">\n<div class=\"g-single a-219\"><\/div>\n<\/div>\n<div id=\"ez-toc-container\" class=\"ez-toc-v2_0_82_2 counter-hierarchy ez-toc-counter ez-toc-grey ez-toc-container-direction\">\n<div class=\"ez-toc-title-container\">\n<p class=\"ez-toc-title\" style=\"cursor:inherit\">Turinys;<\/p>\n<span class=\"ez-toc-title-toggle\"><a href=\"#\" class=\"ez-toc-pull-right ez-toc-btn ez-toc-btn-xs ez-toc-btn-default ez-toc-toggle\" aria-label=\"Toggle Table of Content\"><span class=\"ez-toc-js-icon-con\"><span class=\"\"><span class=\"eztoc-hide\" style=\"display:none;\">Toggle<\/span><span class=\"ez-toc-icon-toggle-span\"><svg style=\"fill: #999;color:#999\" xmlns=\"http:\/\/www.w3.org\/2000\/svg\" class=\"list-377408\" width=\"20px\" height=\"20px\" viewBox=\"0 0 24 24\" fill=\"none\"><path d=\"M6 6H4v2h2V6zm14 0H8v2h12V6zM4 11h2v2H4v-2zm16 0H8v2h12v-2zM4 16h2v2H4v-2zm16 0H8v2h12v-2z\" fill=\"currentColor\"><\/path><\/svg><svg style=\"fill: #999;color:#999\" class=\"arrow-unsorted-368013\" xmlns=\"http:\/\/www.w3.org\/2000\/svg\" width=\"10px\" height=\"10px\" viewBox=\"0 0 24 24\" version=\"1.2\" baseProfile=\"tiny\"><path d=\"M18.2 9.3l-6.2-6.3-6.2 6.3c-.2.2-.3.4-.3.7s.1.5.3.7c.2.2.4.3.7.3h11c.3 0 .5-.1.7-.3.2-.2.3-.5.3-.7s-.1-.5-.3-.7zM5.8 14.7l6.2 6.3 6.2-6.3c.2-.2.3-.5.3-.7s-.1-.5-.3-.7c-.2-.2-.4-.3-.7-.3h-11c-.3 0-.5.1-.7.3-.2.2-.3.5-.3.7s.1.5.3.7z\"\/><\/svg><\/span><\/span><\/span><\/a><\/span><\/div>\n<nav><ul class='ez-toc-list ez-toc-list-level-1 ' ><li class='ez-toc-page-1 ez-toc-heading-level-2'><a class=\"ez-toc-link ez-toc-heading-1\" href=\"https:\/\/naujienosversle.lt\/index.php\/2024\/09\/06\/inauguruotas-47-asis-siauliu-miesto-garbes-pilietis\/#Siauliu_miesto_Garbes_piliecio_vardas_teikiamas_nuo_2000_metu\" >\u0160iauli\u0173 miesto Garb\u0117s pilie\u010dio vardas teikiamas nuo 2000 met\u0173<\/a><\/li><li class='ez-toc-page-1 ez-toc-heading-level-2'><a class=\"ez-toc-link ez-toc-heading-2\" href=\"https:\/\/naujienosversle.lt\/index.php\/2024\/09\/06\/inauguruotas-47-asis-siauliu-miesto-garbes-pilietis\/#Asmenybe_savo_darbais_ir_pavyzdziu_sviesinanti_Siauliu_miesta\" >Asmenyb\u0117, savo darbais ir pavyzd\u017eiu \u0161viesinanti \u0160iauli\u0173 miest\u0105<\/a><\/li><li class='ez-toc-page-1 ez-toc-heading-level-2'><a class=\"ez-toc-link ez-toc-heading-3\" href=\"https:\/\/naujienosversle.lt\/index.php\/2024\/09\/06\/inauguruotas-47-asis-siauliu-miesto-garbes-pilietis\/#Iteiktas_ir_%E2%80%9EAuksinio_saulio%E2%80%9C_padekos_zenklas\" >\u012eteiktas ir \u201eAuksinio \u0161aulio\u201c pad\u0117kos \u017eenklas<\/a><\/li><\/ul><\/nav><\/div>\n<h2><span class=\"ez-toc-section\" id=\"Siauliu_miesto_Garbes_piliecio_vardas_teikiamas_nuo_2000_metu\"><\/span>\u0160iauli\u0173 miesto Garb\u0117s pilie\u010dio vardas teikiamas nuo 2000 met\u0173<span class=\"ez-toc-section-end\"><\/span><\/h2>\n<p>Prasidedant miesto \u0161ventei \u201e\u0160iauli\u0173 dienos 788\u201c \u012fvyko i\u0161kilmingiausias ir bene svarbiausias renginys, kurio metu pagerbti \u0160iauliams itin nusipeln\u0119 \u017emon\u0117s. I\u0161laikant tradicij\u0105, jau dvide\u0161imt ketvirtus metus i\u0161 eil\u0117s buvo surengta \u0160iauli\u0173 miesto garb\u0117s pilie\u010dio inauguracija.<\/p>\n<div class=\"g g-28\">\n<div class=\"g-single a-198\"><img decoding=\"async\" src=\"https:\/\/miestonaujienos.lt\/wp-content\/uploads\/2015\/12\/autodoclt-948x200-jpg-statika.jpg\" width=\"100%\"\/><\/div>\n<\/div>\n<p>\u0160iemet ceremonija vyko koncertin\u0117je \u012fstaigoje \u201eSaul\u0117\u201c, \u0161vent\u0117je dalyvavo \u0160iauli\u0173 miesto garb\u0117s pilie\u010diai, Seimo nariai, \u0160iauli\u0173 miesto savivaldyb\u0117s tarybos nariai, miesto \u0161vent\u0117s \u201e\u0160iauli\u0173 dienos 788\u201c r\u0117m\u0117jai, \u0161iaulie\u010diai bei miesto sve\u010diai.<\/p>\n<p>I\u0161kilmingas vakaras prad\u0117tas Lietuvos valstyb\u0117s himnu, kur\u012f susirinkusiems \u017emon\u0117ms atlikti pad\u0117jo Saul\u0117s miest\u0105 ir vis\u0105 Lietuv\u0105 garsinantis \u0160iauli\u0173 kamerinis orkestras \u201eCamerata Solaris\u201c, \u0161iemet \u0161ven\u010diantis 35-\u0105j\u012f gimtadien\u012f.<\/p>\n<p><img decoding=\"async\" class=\"aligncenter\" src=\"https:\/\/www.siauliai.lt\/upload\/photos\/t00-garbespilietis-04-66da085b4ec689.70286645.jpg\" alt=\"\"\/><\/p>\n<p>\u0160iauli\u0173 miesto garb\u0117s pilie\u010dio vardas teikiamas nuo 2000 met\u0173, per t\u0105 laik\u0105 inauguruoti 46 \u0160iauliams nusipeln\u0119 Lietuvos ir u\u017esienio pilie\u010diai. Dalis j\u0173 jau yra i\u0161\u0117j\u0119 \u012f Anapil\u012f, tad j\u0173 atminim\u0105 visi susirinkusieji ceremonijoje pagerb\u0117 tylos minute.<\/p>\n<h2><span class=\"ez-toc-section\" id=\"Asmenybe_savo_darbais_ir_pavyzdziu_sviesinanti_Siauliu_miesta\"><\/span>Asmenyb\u0117, savo darbais ir pavyzd\u017eiu \u0161viesinanti \u0160iauli\u0173 miest\u0105<span class=\"ez-toc-section-end\"><\/span><\/h2>\n<p>Renginio ved\u0117jui prista\u010dius Savivaldyb\u0117s tarybos sprendim\u0105 d\u0117l \u0160iauli\u0173 miesto garb\u0117s pilie\u010dio vardo suteikimo, \u0160iauli\u0173 miesto meras Art\u016bras Visockas regalijas u\u017ed\u0117jo \u017einomam \u0160iauli\u0173 miesto vardo garsintojui Jonui Nekra\u0161iui.<\/p>\n<p><img decoding=\"async\" class=\"aligncenter\" src=\"https:\/\/www.siauliai.lt\/upload\/photos\/t00-garbespilietis-05-66da080d71a179.88430189.jpg\" alt=\"\"\/><\/p>\n<p>Garb\u0117 \u2013 tai ne vien \u017eodis. Tai \u012fsipareigojimas visada veikti bendruomen\u0117s labui, siekiant ne tik savo, bet ir visuomen\u0117s pa\u017eangos. \u0160iuo \u012fsipareigojimu Jonas Nekra\u0161ius vadovaujasi vis\u0105 gyvenim\u0105, per savo karjer\u0105 jis dirbo \u012fvairiose teisin\u0117se institucijose, o v\u0117liau tapo advokatu.<\/p>\n<p>Be teisin\u0117s veiklos, Jonas aktyviai dalyvavo ir akademin\u0117je veikloje, d\u0117stydamas tuometiniame \u0160iauli\u0173 universitete. Jis yra daugyb\u0117s publikacij\u0173 autorius, para\u0161\u0119s per 2000 straipsni\u0173, i\u0161leid\u0119s 18 knyg\u0173 \u2013 teis\u0117s, kult\u016bros, istorijos, meno ir kitomis temomis. Jonas Nekra\u0161ius \u017einomas kaip keliautojas ir fotografas, aplank\u0119s 80 pasaulio \u0161ali\u0173 ir sureng\u0119s per 30 personalini\u0173 parod\u0173. Jo darbai paliks gil\u0173 p\u0117dsak\u0105 Lietuvos kult\u016bros istorijoje.<\/p>\n<p><img decoding=\"async\" class=\"aligncenter\" src=\"https:\/\/www.siauliai.lt\/upload\/photos\/t00-garbespilietis-06-66da08315d6422.09884803.jpg\" alt=\"\"\/><\/p>\n<blockquote>\n<p>\u201e\u0160ia d\u017eiugia akimirka su manimi \u0161iandiena dalinasi ne tik visi \u0161iaulie\u010diai, bet ir mano \u0161eima \u2013 \u017emona Janina, dukra Giedr\u0117, vaikai\u010diai Gabrielius ir Olivija. Gaila, kad to jau nemato am\u017einyb\u0117n i\u0161\u0117j\u0119 \u0161eimos nariai.<\/p>\n<p>Jei ne \u0161eima, ne jos aplinka, a\u0161 tiek \u012fvairi\u0173 darb\u0173 negal\u0117\u010diau atlikti. Jie supranta, kad esu \u0161iaulietis ir vis\u0105 tai darau jausdamas i\u0161tikimyb\u0119 \u0161iam miestui, kuris mane u\u017eaugino ir i\u0161mok\u0117, kuris vis\u0105 laik\u0105 yra pasiruo\u0161\u0119s atjausti. Sveikinu \u0160iaulius, tegul jie per am\u017eius b\u016bna ver\u017el\u016bs ir \u0161vies\u016bs\u201c, \u2013 link\u0117jimu miestui ir miestie\u010diams savo pasisakym\u0105 u\u017ebaig\u0117 naujasis \u0160iauli\u0173 Garb\u0117s pilietis.<\/p>\n<\/blockquote>\n<p>Po J. Nekra\u0161iaus kalbos \u012f scen\u0105 buvo pakviesti visi \u0161vent\u0117je dalyvav\u0119 \u0160iauli\u0173 miesto garb\u0117s pilie\u010diai. Aidint \u017ei\u016brov\u0173 plojimams \u012f scen\u0105 atne\u0161tas ir \u0161ventinis tortas, papuo\u0161tas naujojo garb\u0117s pilie\u010dio i\u0161skirtiniu \u017eenklu \u2013 ekslibrisu, kur\u012f suk\u016br\u0117 dailinink\u0117 Lolita Braza.<\/p>\n<p>Susirinkusius pasveikin\u0119s ir perdav\u0119s link\u0117jimus nuo \u0160iauli\u0173 miesto garb\u0117s pilie\u010dio, Prezidento Valdo Adamkaus, \u0160iauli\u0173 meras Art\u016bras Visockas pasid\u017eiaug\u0117, kiek \u012fsp\u016bding\u0173 respublikinio lygio rengini\u0173 vien \u0161iemet jau \u012fvyko \u0160iauliuose.<\/p>\n<p>Juose pamin\u0117tos NATO ir Europos S\u0105jungos naryst\u0117s sukaktys, olimpinio jud\u0117jimo \u0161imtmetis, vyko naujo karinio miestelio, partizan\u0173 atminties \u012fprasminimo, kariuomen\u0117s ir visuomen\u0117s \u0161vent\u0117.<\/p>\n<p><img decoding=\"async\" class=\"aligncenter\" src=\"https:\/\/www.siauliai.lt\/upload\/photos\/t00-garbespilietis-12-66da087a2bcdb0.15295739.jpg\" alt=\"\"\/><\/p>\n<blockquote>\n<p>\u201eViskas, k\u0105 pastaruoju metu daro \u0160iauliai, daro puikiai. Juk niekas neu\u017edraud\u0117 kartu apjungti j\u0117gas ir tur\u0117ti puikius rezultatus. \u0160iauliuose turime ypating\u0173 \u017emoni\u0173 visose srityse, kur bepa\u017ei\u016br\u0117si. Ir \u0161tai, du metus i\u0161 eil\u0117s \u0160iauliai yra labiausiai augantis miestas Lietuvoje. Tod\u0117l, kad m\u016bs\u0173 miesto kryptis \u2013 \u017emogus. A\u010di\u016b visiems, kad tiek daug kartu pasiek\u0117me, o dabar at\u0117jo laikas \u0161v\u0119sti! Artimiausios dienos tegul ir bus skirtos \u0161ventimui\u201c, \u00a0\u2013 \u012f prasidedan\u010dius \u0160iauli\u0173 gimtadienio renginius kviet\u0117 meras Art\u016bras Visockas.<\/p>\n<\/blockquote>\n<h2><span class=\"ez-toc-section\" id=\"Iteiktas_ir_%E2%80%9EAuksinio_saulio%E2%80%9C_padekos_zenklas\"><\/span>\u012eteiktas ir \u201eAuksinio \u0161aulio\u201c pad\u0117kos \u017eenklas<span class=\"ez-toc-section-end\"><\/span><\/h2>\n<p>Jau tapo tradicija, kad miesto gimtadienio proga \u0160iauli\u0173 miesto meras pagerbia i\u0161kilius asmenis, kuri\u0173 profesin\u0117 veikla garsina ne tik \u0160iaulius, bet ir vis\u0105 Lietuv\u0105. Gryno aukso pad\u0117kos \u017eenklas prad\u0117tas teikti nuo 2015 met\u0173. Iki \u0161iol Auksinio \u0161aulio pad\u0117kos \u017eenkl\u0105 yra gav\u0119 23 i\u0161kilus \u012fvairi\u0173 sri\u010di\u0173 atstovai.<\/p>\n<p>\u0160iais metais \u201eAuksin\u012f \u0161aul\u012f\u201c meras Art\u016bras Visockas \u012fteik\u0117 \u0161iaulie\u010diui Dariusi Dakniui, jis kompozitorius ir profesionalus liaudies melodij\u0173 aran\u017euo\u010di\u0173 autorius, atlik\u0117jas, pedagogas, vyriausiasis liaudi\u0161kos muzikos kapel\u0173 vadovas ir dirigentas, festivali\u0173 ir folkloro \u0161ven\u010di\u0173 organizatorius ir meno vadovas, Lietuvos \u0161imtme\u010dio dain\u0173 \u0161vent\u0117s Ansamblio vakaro \u201eGyvyb\u0117s medis\u201c k\u016brybin\u0117s grup\u0117s narys.<\/p>\n<p><img decoding=\"async\" class=\"aligncenter\" src=\"https:\/\/www.siauliai.lt\/upload\/photos\/t00-garbespilietis-02-66da0892297f19.09388851.jpg\" alt=\"\"\/><\/p>\n<blockquote>\n<p>\u201eMan tai labai netik\u0117tas \u012fvertinimas, bet labai d\u017eiugus. D\u017eiaugiuosi, kad gal\u0117jau b\u016bti ir \u0161imtme\u010dio Dain\u0173 \u0161vent\u0117s dalimi bei prisid\u0117ti tradicij\u0173 puosel\u0117jimo. Tuo mes esame i\u0161skirtiniai, saviti ir \u012fdom\u016bs, tad saugokime ir puosel\u0117kime savo tautos tradicijas\u201c, \u2013 po apdovanojimo sak\u0117 Darius Daknys.<\/p>\n<\/blockquote>\n<p>Pasibaigus i\u0161kilmingai ceremonijai, naujam miesto Garb\u0117s pilie\u010diui, Auksinio \u0161aulio pad\u0117kos \u017eenklo nominantui ir visai koncertin\u0117je \u012fstaigoje \u201eSaul\u0117\u201c susirinkusiai publikai dovanotas puikus koncertas.<\/p>\n<p><img decoding=\"async\" class=\"aligncenter\" src=\"https:\/\/www.siauliai.lt\/upload\/photos\/t00-garbespilietis-14-66da08ecccde58.57055223.jpg\"\/><\/p>\n<p>Scenoje pasirod\u0117 \u0160iauli\u0173 kamerinis orkestras \u201eCamerata Solaris\u201c, meno vadovas ir dirigentas Vilhelmas \u010cepinskis. Publika i\u0161girdo Volfgango Amad\u0117jaus Mocarto koncertin\u012f rondo fortepijonui ir orkestrui D-dur, kuriame solo partij\u0105 atliko jaunasis \u0160iauli\u0173 talentas Povilas U\u0161inskis.<\/p>\n<p><img decoding=\"async\" class=\"aligncenter\" src=\"https:\/\/www.siauliai.lt\/upload\/photos\/t00-garbespilietis-11-66da0912069877.80308128.jpg\" alt=\"\"\/><\/p>\n<p>Vakar\u0105 u\u017ebaig\u0117 k\u016briniai i\u0161 populiariojo Antonio Vivaldi k\u016brinio \u201eMet\u0173 laikai\u201c, solist\u0117 \u2013 Viktorija \u010cepinskien\u0117.<\/p>\n<p>Vie\u0161\u0173j\u0173 ry\u0161i\u0173 koordinatorius Vitalis Lebedis<\/p>\n<div class=\"g g-43\">\n<div class=\"g-single a-213\"><img decoding=\"async\" src=\"https:\/\/miestonaujienos.lt\/wp-content\/uploads\/2015\/12\/pranesimu-spaudai-platinimas.jpg\" width=\"100%\"\/><\/div>\n<\/div>\n<\/div>\n<p><script>(function(d, s, id) {\nvar js, fjs = d.getElementsByTagName(s)[0];\nif (d.getElementById(id)) return;\njs = d.createElement(s); js.id = id;\njs.src = \"\/\/connect.facebook.net\/lt_LT\/sdk.js#xfbml=1&version=v2.10\";\nfjs.parentNode.insertBefore(js, fjs);\n}(document, 'script', 'facebook-jssdk'));<\/script><br \/>\n<br \/><br \/>\n<br \/><a href=\"https:\/\/miestonaujienos.lt\/inauguruotas-47-asis-siauliu-miesto-garbes-pilietis\/\">Source link <\/a><\/p>\n","protected":false},"excerpt":{"rendered":"<p>\u0160iauli\u0173 miesto gimtadienio rengini\u0173 cikl\u0105 atidar\u0117 i\u0161kilminga ceremonija. Atsinaujinusioje koncert\u0173 sal\u0117je \u201eSaul\u0117\u201c miesto garb\u0117s pilie\u010dio regalijos \u012fteiktos \u017einomam advokatui, teis\u0117jui, istorini\u0173, kult\u016bros, sporto ir meno knyg\u0173 autoriui, kra\u0161totyrininkui, fotografui, keliautojui Jonui Nekra\u0161iui. Taip pat \u012fteiktas ir Auksinio \u0161aulio pad\u0117kos \u017eenklas, u\u017e nuo\u0161ird\u0173 atsidavim\u0105 savo darbui ir pelnyt\u0105 \u0161iaulie\u010di\u0173 pripa\u017einim\u0105 jis \u0161iemet atiteko Dariui Dakniui. \u0160iauli\u0173&#8230;<\/p>\n","protected":false},"author":1,"featured_media":263,"comment_status":"open","ping_status":"open","sticky":false,"template":"","format":"standard","meta":{"om_disable_all_campaigns":false,"_monsterinsights_skip_tracking":false,"_monsterinsights_sitenote_active":false,"_monsterinsights_sitenote_note":"","_monsterinsights_sitenote_category":0,"footnotes":""},"categories":[4],"tags":[175,177,174,176,178,75],"class_list":["post-262","post","type-post","status-publish","format-standard","has-post-thumbnail","hentry","category-salies-naujienos","tag-47asis","tag-garbes","tag-inauguruotas","tag-miesto","tag-pilietis","tag-siauliu"],"aioseo_notices":[],"_links":{"self":[{"href":"https:\/\/naujienosversle.lt\/index.php\/wp-json\/wp\/v2\/posts\/262","targetHints":{"allow":["GET"]}}],"collection":[{"href":"https:\/\/naujienosversle.lt\/index.php\/wp-json\/wp\/v2\/posts"}],"about":[{"href":"https:\/\/naujienosversle.lt\/index.php\/wp-json\/wp\/v2\/types\/post"}],"author":[{"embeddable":true,"href":"https:\/\/naujienosversle.lt\/index.php\/wp-json\/wp\/v2\/users\/1"}],"replies":[{"embeddable":true,"href":"https:\/\/naujienosversle.lt\/index.php\/wp-json\/wp\/v2\/comments?post=262"}],"version-history":[{"count":0,"href":"https:\/\/naujienosversle.lt\/index.php\/wp-json\/wp\/v2\/posts\/262\/revisions"}],"wp:featuredmedia":[{"embeddable":true,"href":"https:\/\/naujienosversle.lt\/index.php\/wp-json\/wp\/v2\/media\/263"}],"wp:attachment":[{"href":"https:\/\/naujienosversle.lt\/index.php\/wp-json\/wp\/v2\/media?parent=262"}],"wp:term":[{"taxonomy":"category","embeddable":true,"href":"https:\/\/naujienosversle.lt\/index.php\/wp-json\/wp\/v2\/categories?post=262"},{"taxonomy":"post_tag","embeddable":true,"href":"https:\/\/naujienosversle.lt\/index.php\/wp-json\/wp\/v2\/tags?post=262"}],"curies":[{"name":"wp","href":"https:\/\/api.w.org\/{rel}","templated":true}]}}