{"id":1136,"date":"2025-01-08T15:44:36","date_gmt":"2025-01-08T15:44:36","guid":{"rendered":"https:\/\/naujienosversle.lt\/index.php\/2025\/01\/08\/ka-politikos-formuotojai-klysta-del-jav-prekybos-deficito\/"},"modified":"2025-01-08T15:44:36","modified_gmt":"2025-01-08T15:44:36","slug":"ka-politikos-formuotojai-klysta-del-jav-prekybos-deficito","status":"publish","type":"post","link":"https:\/\/naujienosversle.lt\/index.php\/2025\/01\/08\/ka-politikos-formuotojai-klysta-del-jav-prekybos-deficito\/","title":{"rendered":"K\u0105 politikos formuotojai klysta d\u0117l JAV prekybos deficito"},"content":{"rendered":"<p> <br \/>\n<\/p>\n<div>\n<p>\n        <span><span class=\"is-voxeu-text\">VoxEU<\/span> Kalb\u0117tis<\/span><br \/>\n                              <span><\/p>\n<p>        Tarptautin\u0117 prekyba<br \/>\n          <\/span><br \/>\n                      <span><\/p>\n<p>        Prekyba<br \/>\n          <\/span>\n                        <\/p>\n<p class=\"c-single-header__summary\">    \u012era\u0161yta CEPR Pary\u017eiaus simpoziume. Jau du de\u0161imtme\u010dius Maurice&#8217;as Obstfeldas tyrin\u0117jo pasaulin\u0117s prekybos disbalanso pasaulio ekonomikoje prie\u017eastis ir pasekmes. Dabar, kai traukiasi nuo globalizacijos, jie v\u0117l yra prezidento Trumpo prekybos politikos formuotoj\u0173 pokalbi\u0173 ta\u0161kas. Obstfeldas kalbasi su Timu Phillipsu apie tai, ar populiar\u016bs pasakojimai apie j\u0173 prie\u017east\u012f ir pasekmes atlaiko patikrinim\u0105, ir \u201eTrump 2.0\u201c politikos pa\u017ead\u0173, kuriuos tie pasakojimai \u012fkv\u0117p\u0117, pasekmes.\n<\/p>\n<p>\n          <time datetime=\"8 Jan 2025\">Paskutin\u012f kart\u0105 atnaujinta  <time datetime=\"2025-01-08T12:00:00Z\" class=\"datetime\">2025 m. sausio 8 d<\/time><\/p>\n<p><\/time>\n        <\/p>\n<\/p><\/div>\n<p><br \/>\n<br \/><a href=\"https:\/\/cepr.org\/multimedia\/what-policymakers-get-wrong-about-us-trade-deficits\">Source link <\/a><\/p>\n","protected":false},"excerpt":{"rendered":"<p>VoxEU Kalb\u0117tis Tarptautin\u0117 prekyba Prekyba \u012era\u0161yta CEPR Pary\u017eiaus simpoziume. Jau du de\u0161imtme\u010dius Maurice&#8217;as Obstfeldas tyrin\u0117jo pasaulin\u0117s prekybos disbalanso pasaulio ekonomikoje prie\u017eastis ir pasekmes. Dabar, kai traukiasi nuo globalizacijos, jie v\u0117l yra prezidento Trumpo prekybos politikos formuotoj\u0173 pokalbi\u0173 ta\u0161kas. Obstfeldas kalbasi su Timu Phillipsu apie tai, ar populiar\u016bs pasakojimai apie j\u0173 prie\u017east\u012f ir pasekmes atlaiko patikrinim\u0105,&#8230;<\/p>\n","protected":false},"author":1,"featured_media":0,"comment_status":"","ping_status":"","sticky":false,"template":"","format":"standard","meta":{"om_disable_all_campaigns":false,"_monsterinsights_skip_tracking":false,"_monsterinsights_sitenote_active":false,"_monsterinsights_sitenote_note":"","_monsterinsights_sitenote_category":0,"footnotes":""},"categories":[5],"tags":[2494,922,2492,1321,124,2493,348,112],"class_list":["post-1136","post","type-post","status-publish","format-standard","hentry","category-pasaulio-ekonomikos-naujienos","tag-deficito","tag-del","tag-formuotojai","tag-jav","tag-ka","tag-klysta","tag-politikos","tag-prekybos"],"aioseo_notices":[],"_links":{"self":[{"href":"https:\/\/naujienosversle.lt\/index.php\/wp-json\/wp\/v2\/posts\/1136","targetHints":{"allow":["GET"]}}],"collection":[{"href":"https:\/\/naujienosversle.lt\/index.php\/wp-json\/wp\/v2\/posts"}],"about":[{"href":"https:\/\/naujienosversle.lt\/index.php\/wp-json\/wp\/v2\/types\/post"}],"author":[{"embeddable":true,"href":"https:\/\/naujienosversle.lt\/index.php\/wp-json\/wp\/v2\/users\/1"}],"replies":[{"embeddable":true,"href":"https:\/\/naujienosversle.lt\/index.php\/wp-json\/wp\/v2\/comments?post=1136"}],"version-history":[{"count":0,"href":"https:\/\/naujienosversle.lt\/index.php\/wp-json\/wp\/v2\/posts\/1136\/revisions"}],"wp:attachment":[{"href":"https:\/\/naujienosversle.lt\/index.php\/wp-json\/wp\/v2\/media?parent=1136"}],"wp:term":[{"taxonomy":"category","embeddable":true,"href":"https:\/\/naujienosversle.lt\/index.php\/wp-json\/wp\/v2\/categories?post=1136"},{"taxonomy":"post_tag","embeddable":true,"href":"https:\/\/naujienosversle.lt\/index.php\/wp-json\/wp\/v2\/tags?post=1136"}],"curies":[{"name":"wp","href":"https:\/\/api.w.org\/{rel}","templated":true}]}}